{"id":4385,"date":"2017-06-01T11:04:21","date_gmt":"2017-06-01T09:04:21","guid":{"rendered":"https:\/\/www.portimex.com\/?p=4385"},"modified":"2024-07-01T08:34:02","modified_gmt":"2024-07-01T06:34:02","slug":"black-line-la-nouvelle-ligne-de-produits-en-noir","status":"publish","type":"post","link":"https:\/\/www.portimex.com\/fr\/black-line-la-nouvelle-ligne-de-produits-en-noir\/","title":{"rendered":"Black Line &#8211; la nouvelle ligne de produits en noir"},"content":{"rendered":"\n<div class=\"wp-block-genesis-blocks-gb-columns gb-layout-columns-1 one-column\"><div class=\"gb-layout-column-wrap gb-block-layout-column-gap-2 gb-is-responsive-column\">\n<div class=\"wp-block-genesis-blocks-gb-column gb-block-layout-column\"><div class=\"gb-block-layout-column-inner\">\n<p class=\"has-small-font-size\">Maintenant est disponible aussi une s\u00e9rie en noir de quelques de nos produits \u00e0 usages multiples !<br>DICTATOR ferme-portes et accessoires, \u00e7a veut dire des produits innovants pour tous les secteurs qui exigent des solutions sp\u00e9ciales &#8211; depuis plus de 80 ans !<br>Nous, l&#8217;entreprise Portimex, la repr\u00e9sentation officielle pour la Suisse et le Liechtenstein, aimerions bien vous pr\u00e9senter la nouvelle Black Line et en m\u00eame temps attirer votre attention sur nos produits \u00e0 usages multiples.<\/p>\n\n\n\n<div class=\"wp-block-genesis-blocks-gb-columns gb-layout-columns-2 gb-2-col-wideleft\"><div class=\"gb-layout-column-wrap gb-block-layout-column-gap-2 gb-is-responsive-column\">\n<div class=\"wp-block-genesis-blocks-gb-column gb-block-layout-column\"><div class=\"gb-block-layout-column-inner\">\n<h2 class=\"wp-block-heading has-large-font-size\">Amortisseurs de porte<\/h2>\n\n\n\n<p class=\"has-small-font-size\">Ces amortisseurs DICTATOR emp\u00eachent que les portes ferment d&#8217;une mani\u00e8re brusque et claquent et en m\u00eame temps assurent que les portes ferment compl\u00e8tement.<\/p>\n\n\n\n<p><strong>Les avantages des amortisseurs de portes :&nbsp;<\/strong><\/p>\n\n\n\n<ul class=\"wp-block-list\">\n<li class=\"has-small-font-size\">Beaucoup de possibilit\u00e9s de montage pour des situations de portes diff\u00e9rentes<\/li>\n\n\n\n<li class=\"has-small-font-size\">Les mod\u00e8les sont r\u00e9glables et disponibles avec des forces d&#8217;amortissement diff\u00e9rentes<\/li>\n\n\n\n<li class=\"has-small-font-size\">Ils se pr\u00eatent aussi pour des portes coulissantes<\/li>\n\n\n\n<li class=\"has-small-font-size\">&nbsp;Dur\u00e9e de service tr\u00e8s longue<\/li>\n<\/ul>\n\n\n\n<div class=\"wp-block-uagb-buttons uagb-buttons__outer-wrap uagb-btn__small-btn uagb-btn-tablet__default-btn uagb-btn-mobile__default-btn uagb-block-d4cc4f5c\"><div class=\"uagb-buttons__wrap uagb-buttons-layout-wrap \">\n<div class=\"wp-block-uagb-buttons-child uagb-buttons__outer-wrap uagb-block-6e4e9524 wp-block-button\"><div class=\"uagb-button__wrapper\"><a class=\"uagb-buttons-repeater wp-block-button__link\" aria-label=\"\" href=\"https:\/\/fr.dictator.de\/produits\/ferme-portes-et-accessoires\/amortisseurs-de-porte\/\" rel=\"follow noopener\" target=\"_blank\" role=\"button\"><div class=\"uagb-button__link\">Au Produit<\/div><span class=\"uagb-button__icon uagb-button__icon-position-after\"><svg xmlns=\"https:\/\/www.w3.org\/2000\/svg\" viewBox=\"0 0 448 512\" aria-hidden=\"true\" focussable=\"false\"><path d=\"M438.6 278.6l-160 160C272.4 444.9 264.2 448 256 448s-16.38-3.125-22.62-9.375c-12.5-12.5-12.5-32.75 0-45.25L338.8 288H32C14.33 288 .0016 273.7 .0016 256S14.33 224 32 224h306.8l-105.4-105.4c-12.5-12.5-12.5-32.75 0-45.25s32.75-12.5 45.25 0l160 160C451.1 245.9 451.1 266.1 438.6 278.6z\"><\/path><\/svg><\/span><\/a><\/div><\/div>\n<\/div><\/div>\n<\/div><\/div>\n\n\n\n<div class=\"wp-block-genesis-blocks-gb-column gb-block-layout-column\"><div class=\"gb-block-layout-column-inner\">\n<figure class=\"wp-block-image size-full\"><img loading=\"lazy\" decoding=\"async\" width=\"218\" height=\"300\" src=\"https:\/\/www.portimex.com\/wp-content\/uploads\/2024\/03\/Tuerdaempfer-V1600-black.jpg\" alt=\"\" class=\"wp-image-2657\"\/><\/figure>\n<\/div><\/div>\n<\/div><\/div>\n\n\n\n<div class=\"wp-block-genesis-blocks-gb-columns gb-layout-columns-2 gb-2-col-wideleft\"><div class=\"gb-layout-column-wrap gb-block-layout-column-gap-2 gb-is-responsive-column\">\n<div class=\"wp-block-genesis-blocks-gb-column gb-block-layout-column\"><div class=\"gb-block-layout-column-inner\">\n<h2 class=\"wp-block-heading has-large-font-size\">Paumelles \u00e0 ressort HAWGOOD<\/h2>\n\n\n\n<p class=\"has-small-font-size\">On ne peut plus imaginer l&#8217;am\u00e9nagement de magasins moderne sans des paumelles \u00e0 ressort DICTATOR. Mais elles sont aussi bien \u00e9tablies dans la construction m\u00e9tallique et d&#8217;installations technologiques et la construction de v\u00e9hicules (v\u00e9hicules frigorifiques). Elles se fabriquent en mati\u00e8re plastique aussi bien qu&#8217;en laiton ou en acier inoxydable.<\/p>\n\n\n\n<p><strong>Les avantages des paumelles \u00e0 ressort :&nbsp;<\/strong><\/p>\n\n\n\n<ul class=\"wp-block-list\">\n<li class=\"has-small-font-size\">Appropri\u00e9es pour des portes d&#8217;un poids maxi de 100 kg et d&#8217;une \u00e9paisseur du panneau de 19 jusqu&#8217;\u00e0 40 mm<\/li>\n\n\n\n<li class=\"has-small-font-size\">La porte s&#8217;arr\u00eate apr\u00e8s seulement quelques mouvements et \u00e0 cause de cela fait tr\u00e8s peu de bruit<\/li>\n\n\n\n<li class=\"has-small-font-size\">Largeur de passage maximale gr\u00e2ce \u00e0 la distance minimale entre le panneau et l&#8217;huisserie<\/li>\n\n\n\n<li class=\"has-small-font-size\">Angle d&#8217;ouverture de la porte maxi 100\u00b0<\/li>\n\n\n\n<li class=\"has-small-font-size\">Blocage \u00e0 90\u00b0 possible dans les deux sens<\/li>\n<\/ul>\n\n\n\n<div class=\"wp-block-uagb-buttons uagb-buttons__outer-wrap uagb-btn__small-btn uagb-btn-tablet__default-btn uagb-btn-mobile__default-btn uagb-block-5d0e1174\"><div class=\"uagb-buttons__wrap uagb-buttons-layout-wrap \">\n<div class=\"wp-block-uagb-buttons-child uagb-buttons__outer-wrap uagb-block-40af084c wp-block-button\"><div class=\"uagb-button__wrapper\"><a class=\"uagb-buttons-repeater wp-block-button__link\" aria-label=\"\" href=\"https:\/\/fr.dictator.de\/produits\/ferme-portes-et-accessoires\/paumelles-a-ressort\/\" rel=\"follow noopener\" target=\"_blank\" role=\"button\"><div class=\"uagb-button__link\">Au Produit<\/div><span class=\"uagb-button__icon uagb-button__icon-position-after\"><svg xmlns=\"https:\/\/www.w3.org\/2000\/svg\" viewBox=\"0 0 448 512\" aria-hidden=\"true\" focussable=\"false\"><path d=\"M438.6 278.6l-160 160C272.4 444.9 264.2 448 256 448s-16.38-3.125-22.62-9.375c-12.5-12.5-12.5-32.75 0-45.25L338.8 288H32C14.33 288 .0016 273.7 .0016 256S14.33 224 32 224h306.8l-105.4-105.4c-12.5-12.5-12.5-32.75 0-45.25s32.75-12.5 45.25 0l160 160C451.1 245.9 451.1 266.1 438.6 278.6z\"><\/path><\/svg><\/span><\/a><\/div><\/div>\n<\/div><\/div>\n<\/div><\/div>\n\n\n\n<div class=\"wp-block-genesis-blocks-gb-column gb-block-layout-column\"><div class=\"gb-block-layout-column-inner\">\n<figure class=\"wp-block-image size-full\"><img loading=\"lazy\" decoding=\"async\" width=\"183\" height=\"287\" src=\"https:\/\/www.portimex.com\/wp-content\/uploads\/2024\/03\/Pendeltuerbaender-black.jpg\" alt=\"\" class=\"wp-image-2659\"\/><\/figure>\n<\/div><\/div>\n<\/div><\/div>\n\n\n\n<div class=\"wp-block-genesis-blocks-gb-columns gb-layout-columns-2 gb-2-col-wideleft\"><div class=\"gb-layout-column-wrap gb-block-layout-column-gap-2 gb-is-responsive-column\">\n<div class=\"wp-block-genesis-blocks-gb-column gb-block-layout-column\"><div class=\"gb-block-layout-column-inner\">\n<h2 class=\"wp-block-heading has-large-font-size\">Ressort de fermeture Piccolo<\/h2>\n\n\n\n<p class=\"has-small-font-size\">Le ressort de fermeture Piccolo, la forme la plus \u00e9conomique d&#8217;un ferme-porte, est id\u00e9al pour compl\u00e9ter ult\u00e9rieurement des portes de chambres l\u00e9g\u00e8res. Quand on ouvre la porte, le ressort int\u00e9gr\u00e9 se tend et ferme la porte aussit\u00f4t qu&#8217;on la l\u00e2che.<\/p>\n\n\n\n<p><strong>Les avantages du ressort de fermeture Piccolo :&nbsp;<\/strong><\/p>\n\n\n\n<ul class=\"wp-block-list\">\n<li class=\"has-small-font-size\">Le Piccolo fonctionne sans tringlerie et \u00e0 cause de cela ne se voit presque pas sur la porte<\/li>\n\n\n\n<li class=\"has-small-font-size\">Appropri\u00e9 pour l&#8217;installation ult\u00e9rieure<\/li>\n\n\n\n<li class=\"has-small-font-size\">Facile \u00e0 monter<\/li>\n\n\n\n<li class=\"has-small-font-size\">Force de fermeture r\u00e9glable<\/li>\n<\/ul>\n\n\n\n<div class=\"wp-block-uagb-buttons uagb-buttons__outer-wrap uagb-btn__small-btn uagb-btn-tablet__default-btn uagb-btn-mobile__default-btn uagb-block-b017ede8\"><div class=\"uagb-buttons__wrap uagb-buttons-layout-wrap \">\n<div class=\"wp-block-uagb-buttons-child uagb-buttons__outer-wrap uagb-block-ba6c1f8e wp-block-button\"><div class=\"uagb-button__wrapper\"><a class=\"uagb-buttons-repeater wp-block-button__link\" aria-label=\"\" href=\"https:\/\/fr.dictator.de\/produits\/ferme-portes-et-accessoires\/ressorts-de-fermeture\/ressort-fermeture-piccolo\/\" rel=\"follow noopener\" target=\"_blank\" role=\"button\"><div class=\"uagb-button__link\">Au Produit<\/div><span class=\"uagb-button__icon uagb-button__icon-position-after\"><svg xmlns=\"https:\/\/www.w3.org\/2000\/svg\" viewBox=\"0 0 448 512\" aria-hidden=\"true\" focussable=\"false\"><path d=\"M438.6 278.6l-160 160C272.4 444.9 264.2 448 256 448s-16.38-3.125-22.62-9.375c-12.5-12.5-12.5-32.75 0-45.25L338.8 288H32C14.33 288 .0016 273.7 .0016 256S14.33 224 32 224h306.8l-105.4-105.4c-12.5-12.5-12.5-32.75 0-45.25s32.75-12.5 45.25 0l160 160C451.1 245.9 451.1 266.1 438.6 278.6z\"><\/path><\/svg><\/span><\/a><\/div><\/div>\n<\/div><\/div>\n<\/div><\/div>\n\n\n\n<div class=\"wp-block-genesis-blocks-gb-column gb-block-layout-column\"><div class=\"gb-block-layout-column-inner\">\n<figure class=\"wp-block-image size-full\"><img loading=\"lazy\" decoding=\"async\" width=\"800\" height=\"800\" src=\"https:\/\/www.portimex.com\/wp-content\/uploads\/2024\/03\/Schliessfeder-Piccolo-schwarz.jpg\" alt=\"\" class=\"wp-image-2662\" srcset=\"https:\/\/www.portimex.com\/wp-content\/uploads\/2024\/03\/Schliessfeder-Piccolo-schwarz.jpg 800w, https:\/\/www.portimex.com\/wp-content\/uploads\/2024\/03\/Schliessfeder-Piccolo-schwarz-300x300.jpg 300w, https:\/\/www.portimex.com\/wp-content\/uploads\/2024\/03\/Schliessfeder-Piccolo-schwarz-150x150.jpg 150w, https:\/\/www.portimex.com\/wp-content\/uploads\/2024\/03\/Schliessfeder-Piccolo-schwarz-768x768.jpg 768w, https:\/\/www.portimex.com\/wp-content\/uploads\/2024\/03\/Schliessfeder-Piccolo-schwarz-75x75.jpg 75w, https:\/\/www.portimex.com\/wp-content\/uploads\/2024\/03\/Schliessfeder-Piccolo-schwarz-600x600.jpg 600w\" sizes=\"auto, (max-width: 800px) 100vw, 800px\" \/><\/figure>\n<\/div><\/div>\n<\/div><\/div>\n<\/div><\/div>\n<\/div><\/div>\n","protected":false},"excerpt":{"rendered":"","protected":false},"author":3,"featured_media":2656,"comment_status":"closed","ping_status":"open","sticky":false,"template":"","format":"standard","meta":{"_acf_changed":false,"_uag_custom_page_level_css":"","_genesis_hide_title":false,"_genesis_hide_breadcrumbs":false,"_genesis_hide_singular_image":false,"_genesis_hide_footer_widgets":false,"_genesis_custom_body_class":"","_genesis_custom_post_class":"","_genesis_layout":"","footnotes":""},"categories":[14],"tags":[],"class_list":{"0":"post-4385","1":"post","2":"type-post","3":"status-publish","4":"format-standard","5":"has-post-thumbnail","7":"category-non-classifiee","8":"entry"},"acf":[],"yoast_head":"<!-- This site is optimized with the Yoast SEO plugin v25.7 - https:\/\/yoast.com\/wordpress\/plugins\/seo\/ -->\n<title>Black Line - la nouvelle ligne de produits en noir - Portimex<\/title>\n<meta name=\"robots\" content=\"index, follow, max-snippet:-1, max-image-preview:large, max-video-preview:-1\" \/>\n<link rel=\"canonical\" href=\"https:\/\/www.portimex.com\/black-line-neu-schwarz\/\" \/>\n<meta property=\"og:locale\" content=\"fr_FR\" \/>\n<meta property=\"og:type\" content=\"article\" \/>\n<meta property=\"og:title\" content=\"Black Line - la nouvelle ligne de produits en noir - Portimex\" \/>\n<meta property=\"og:url\" content=\"https:\/\/www.portimex.com\/black-line-neu-schwarz\/\" \/>\n<meta property=\"og:site_name\" content=\"Portimex\" \/>\n<meta property=\"article:published_time\" content=\"2017-06-01T09:04:21+00:00\" \/>\n<meta property=\"article:modified_time\" content=\"2024-07-01T06:34:02+00:00\" \/>\n<meta property=\"og:image\" content=\"https:\/\/www.portimex.com\/wp-content\/uploads\/2024\/03\/Black-Line-Products.jpg\" \/>\n\t<meta property=\"og:image:width\" content=\"500\" \/>\n\t<meta property=\"og:image:height\" content=\"346\" \/>\n\t<meta property=\"og:image:type\" content=\"image\/jpeg\" \/>\n<meta name=\"author\" content=\"Tanja L.\" \/>\n<meta name=\"twitter:card\" content=\"summary_large_image\" \/>\n<meta name=\"twitter:label1\" content=\"Written by\" \/>\n\t<meta name=\"twitter:data1\" content=\"Tanja L.\" \/>\n\t<meta name=\"twitter:label2\" content=\"Est. reading time\" \/>\n\t<meta name=\"twitter:data2\" content=\"3 minutes\" \/>\n<script type=\"application\/ld+json\" class=\"yoast-schema-graph\">{\"@context\":\"https:\/\/schema.org\",\"@graph\":[{\"@type\":\"Article\",\"@id\":\"https:\/\/www.portimex.com\/black-line-neu-schwarz\/#article\",\"isPartOf\":{\"@id\":\"https:\/\/www.portimex.com\/black-line-neu-schwarz\/\"},\"author\":{\"name\":\"Tanja L.\",\"@id\":\"https:\/\/www.portimex.com\/#\/schema\/person\/3eecffab26203b5d46bd45ddcce37043\"},\"headline\":\"Black Line &#8211; la nouvelle ligne de produits en noir\",\"datePublished\":\"2017-06-01T09:04:21+00:00\",\"dateModified\":\"2024-07-01T06:34:02+00:00\",\"mainEntityOfPage\":{\"@id\":\"https:\/\/www.portimex.com\/black-line-neu-schwarz\/\"},\"wordCount\":401,\"publisher\":{\"@id\":\"https:\/\/www.portimex.com\/#organization\"},\"image\":{\"@id\":\"https:\/\/www.portimex.com\/black-line-neu-schwarz\/#primaryimage\"},\"thumbnailUrl\":\"https:\/\/www.portimex.com\/wp-content\/uploads\/2024\/03\/Black-Line-Products.jpg\",\"articleSection\":[\"Non classifi\u00e9(e)\"],\"inLanguage\":\"fr-CH\"},{\"@type\":\"WebPage\",\"@id\":\"https:\/\/www.portimex.com\/black-line-neu-schwarz\/\",\"url\":\"https:\/\/www.portimex.com\/black-line-neu-schwarz\/\",\"name\":\"Black Line - la nouvelle ligne de produits en noir - Portimex\",\"isPartOf\":{\"@id\":\"https:\/\/www.portimex.com\/#website\"},\"primaryImageOfPage\":{\"@id\":\"https:\/\/www.portimex.com\/black-line-neu-schwarz\/#primaryimage\"},\"image\":{\"@id\":\"https:\/\/www.portimex.com\/black-line-neu-schwarz\/#primaryimage\"},\"thumbnailUrl\":\"https:\/\/www.portimex.com\/wp-content\/uploads\/2024\/03\/Black-Line-Products.jpg\",\"datePublished\":\"2017-06-01T09:04:21+00:00\",\"dateModified\":\"2024-07-01T06:34:02+00:00\",\"breadcrumb\":{\"@id\":\"https:\/\/www.portimex.com\/black-line-neu-schwarz\/#breadcrumb\"},\"inLanguage\":\"fr-CH\",\"potentialAction\":[{\"@type\":\"ReadAction\",\"target\":[\"https:\/\/www.portimex.com\/black-line-neu-schwarz\/\"]}]},{\"@type\":\"ImageObject\",\"inLanguage\":\"fr-CH\",\"@id\":\"https:\/\/www.portimex.com\/black-line-neu-schwarz\/#primaryimage\",\"url\":\"https:\/\/www.portimex.com\/wp-content\/uploads\/2024\/03\/Black-Line-Products.jpg\",\"contentUrl\":\"https:\/\/www.portimex.com\/wp-content\/uploads\/2024\/03\/Black-Line-Products.jpg\",\"width\":500,\"height\":346},{\"@type\":\"BreadcrumbList\",\"@id\":\"https:\/\/www.portimex.com\/black-line-neu-schwarz\/#breadcrumb\",\"itemListElement\":[{\"@type\":\"ListItem\",\"position\":1,\"name\":\"Home\",\"item\":\"https:\/\/www.portimex.com\/fr\/\"},{\"@type\":\"ListItem\",\"position\":2,\"name\":\"Black Line &#8211; la nouvelle ligne de produits en noir\"}]},{\"@type\":\"WebSite\",\"@id\":\"https:\/\/www.portimex.com\/#website\",\"url\":\"https:\/\/www.portimex.com\/\",\"name\":\"Portimex\",\"description\":\"\",\"publisher\":{\"@id\":\"https:\/\/www.portimex.com\/#organization\"},\"potentialAction\":[{\"@type\":\"SearchAction\",\"target\":{\"@type\":\"EntryPoint\",\"urlTemplate\":\"https:\/\/www.portimex.com\/?s={search_term_string}\"},\"query-input\":{\"@type\":\"PropertyValueSpecification\",\"valueRequired\":true,\"valueName\":\"search_term_string\"}}],\"inLanguage\":\"fr-CH\"},{\"@type\":\"Organization\",\"@id\":\"https:\/\/www.portimex.com\/#organization\",\"name\":\"Portimex\",\"url\":\"https:\/\/www.portimex.com\/\",\"logo\":{\"@type\":\"ImageObject\",\"inLanguage\":\"fr-CH\",\"@id\":\"https:\/\/www.portimex.com\/#\/schema\/logo\/image\/\",\"url\":\"https:\/\/www.portimex.com\/wp-content\/uploads\/2024\/05\/cropped-Portimex-Logo.jpg\",\"contentUrl\":\"https:\/\/www.portimex.com\/wp-content\/uploads\/2024\/05\/cropped-Portimex-Logo.jpg\",\"width\":198,\"height\":46,\"caption\":\"Portimex\"},\"image\":{\"@id\":\"https:\/\/www.portimex.com\/#\/schema\/logo\/image\/\"}},{\"@type\":\"Person\",\"@id\":\"https:\/\/www.portimex.com\/#\/schema\/person\/3eecffab26203b5d46bd45ddcce37043\",\"name\":\"Tanja L.\",\"image\":{\"@type\":\"ImageObject\",\"inLanguage\":\"fr-CH\",\"@id\":\"https:\/\/www.portimex.com\/#\/schema\/person\/image\/\",\"url\":\"https:\/\/secure.gravatar.com\/avatar\/1b84a132b0cc1f80a01774f54723c212904f8a594bcea52b9aeef29044e38fdb?s=96&d=mm&r=g\",\"contentUrl\":\"https:\/\/secure.gravatar.com\/avatar\/1b84a132b0cc1f80a01774f54723c212904f8a594bcea52b9aeef29044e38fdb?s=96&d=mm&r=g\",\"caption\":\"Tanja L.\"},\"url\":\"https:\/\/www.portimex.com\/fr\/author\/t-lang\/\"}]}<\/script>\n<!-- \/ Yoast SEO plugin. -->","yoast_head_json":{"title":"Black Line - la nouvelle ligne de produits en noir - Portimex","robots":{"index":"index","follow":"follow","max-snippet":"max-snippet:-1","max-image-preview":"max-image-preview:large","max-video-preview":"max-video-preview:-1"},"canonical":"https:\/\/www.portimex.com\/black-line-neu-schwarz\/","og_locale":"fr_FR","og_type":"article","og_title":"Black Line - la nouvelle ligne de produits en noir - Portimex","og_url":"https:\/\/www.portimex.com\/black-line-neu-schwarz\/","og_site_name":"Portimex","article_published_time":"2017-06-01T09:04:21+00:00","article_modified_time":"2024-07-01T06:34:02+00:00","og_image":[{"width":500,"height":346,"url":"https:\/\/www.portimex.com\/wp-content\/uploads\/2024\/03\/Black-Line-Products.jpg","type":"image\/jpeg"}],"author":"Tanja L.","twitter_card":"summary_large_image","twitter_misc":{"Written by":"Tanja L.","Est. reading time":"3 minutes"},"schema":{"@context":"https:\/\/schema.org","@graph":[{"@type":"Article","@id":"https:\/\/www.portimex.com\/black-line-neu-schwarz\/#article","isPartOf":{"@id":"https:\/\/www.portimex.com\/black-line-neu-schwarz\/"},"author":{"name":"Tanja L.","@id":"https:\/\/www.portimex.com\/#\/schema\/person\/3eecffab26203b5d46bd45ddcce37043"},"headline":"Black Line &#8211; la nouvelle ligne de produits en noir","datePublished":"2017-06-01T09:04:21+00:00","dateModified":"2024-07-01T06:34:02+00:00","mainEntityOfPage":{"@id":"https:\/\/www.portimex.com\/black-line-neu-schwarz\/"},"wordCount":401,"publisher":{"@id":"https:\/\/www.portimex.com\/#organization"},"image":{"@id":"https:\/\/www.portimex.com\/black-line-neu-schwarz\/#primaryimage"},"thumbnailUrl":"https:\/\/www.portimex.com\/wp-content\/uploads\/2024\/03\/Black-Line-Products.jpg","articleSection":["Non classifi\u00e9(e)"],"inLanguage":"fr-CH"},{"@type":"WebPage","@id":"https:\/\/www.portimex.com\/black-line-neu-schwarz\/","url":"https:\/\/www.portimex.com\/black-line-neu-schwarz\/","name":"Black Line - la nouvelle ligne de produits en noir - Portimex","isPartOf":{"@id":"https:\/\/www.portimex.com\/#website"},"primaryImageOfPage":{"@id":"https:\/\/www.portimex.com\/black-line-neu-schwarz\/#primaryimage"},"image":{"@id":"https:\/\/www.portimex.com\/black-line-neu-schwarz\/#primaryimage"},"thumbnailUrl":"https:\/\/www.portimex.com\/wp-content\/uploads\/2024\/03\/Black-Line-Products.jpg","datePublished":"2017-06-01T09:04:21+00:00","dateModified":"2024-07-01T06:34:02+00:00","breadcrumb":{"@id":"https:\/\/www.portimex.com\/black-line-neu-schwarz\/#breadcrumb"},"inLanguage":"fr-CH","potentialAction":[{"@type":"ReadAction","target":["https:\/\/www.portimex.com\/black-line-neu-schwarz\/"]}]},{"@type":"ImageObject","inLanguage":"fr-CH","@id":"https:\/\/www.portimex.com\/black-line-neu-schwarz\/#primaryimage","url":"https:\/\/www.portimex.com\/wp-content\/uploads\/2024\/03\/Black-Line-Products.jpg","contentUrl":"https:\/\/www.portimex.com\/wp-content\/uploads\/2024\/03\/Black-Line-Products.jpg","width":500,"height":346},{"@type":"BreadcrumbList","@id":"https:\/\/www.portimex.com\/black-line-neu-schwarz\/#breadcrumb","itemListElement":[{"@type":"ListItem","position":1,"name":"Home","item":"https:\/\/www.portimex.com\/fr\/"},{"@type":"ListItem","position":2,"name":"Black Line &#8211; la nouvelle ligne de produits en noir"}]},{"@type":"WebSite","@id":"https:\/\/www.portimex.com\/#website","url":"https:\/\/www.portimex.com\/","name":"Portimex","description":"","publisher":{"@id":"https:\/\/www.portimex.com\/#organization"},"potentialAction":[{"@type":"SearchAction","target":{"@type":"EntryPoint","urlTemplate":"https:\/\/www.portimex.com\/?s={search_term_string}"},"query-input":{"@type":"PropertyValueSpecification","valueRequired":true,"valueName":"search_term_string"}}],"inLanguage":"fr-CH"},{"@type":"Organization","@id":"https:\/\/www.portimex.com\/#organization","name":"Portimex","url":"https:\/\/www.portimex.com\/","logo":{"@type":"ImageObject","inLanguage":"fr-CH","@id":"https:\/\/www.portimex.com\/#\/schema\/logo\/image\/","url":"https:\/\/www.portimex.com\/wp-content\/uploads\/2024\/05\/cropped-Portimex-Logo.jpg","contentUrl":"https:\/\/www.portimex.com\/wp-content\/uploads\/2024\/05\/cropped-Portimex-Logo.jpg","width":198,"height":46,"caption":"Portimex"},"image":{"@id":"https:\/\/www.portimex.com\/#\/schema\/logo\/image\/"}},{"@type":"Person","@id":"https:\/\/www.portimex.com\/#\/schema\/person\/3eecffab26203b5d46bd45ddcce37043","name":"Tanja L.","image":{"@type":"ImageObject","inLanguage":"fr-CH","@id":"https:\/\/www.portimex.com\/#\/schema\/person\/image\/","url":"https:\/\/secure.gravatar.com\/avatar\/1b84a132b0cc1f80a01774f54723c212904f8a594bcea52b9aeef29044e38fdb?s=96&d=mm&r=g","contentUrl":"https:\/\/secure.gravatar.com\/avatar\/1b84a132b0cc1f80a01774f54723c212904f8a594bcea52b9aeef29044e38fdb?s=96&d=mm&r=g","caption":"Tanja L."},"url":"https:\/\/www.portimex.com\/fr\/author\/t-lang\/"}]}},"featured_image_src":"https:\/\/www.portimex.com\/wp-content\/uploads\/2024\/03\/Black-Line-Products.jpg","featured_image_src_square":"https:\/\/www.portimex.com\/wp-content\/uploads\/2024\/03\/Black-Line-Products.jpg","author_info":{"display_name":"Tanja L.","author_link":"https:\/\/www.portimex.com\/fr\/author\/t-lang\/"},"uagb_featured_image_src":{"full":["https:\/\/www.portimex.com\/wp-content\/uploads\/2024\/03\/Black-Line-Products.jpg",500,346,false],"thumbnail":["https:\/\/www.portimex.com\/wp-content\/uploads\/2024\/03\/Black-Line-Products-150x150.jpg",150,150,true],"medium":["https:\/\/www.portimex.com\/wp-content\/uploads\/2024\/03\/Black-Line-Products-300x208.jpg",300,208,true],"medium_large":["https:\/\/www.portimex.com\/wp-content\/uploads\/2024\/03\/Black-Line-Products.jpg",500,346,false],"large":["https:\/\/www.portimex.com\/wp-content\/uploads\/2024\/03\/Black-Line-Products.jpg",500,346,false],"1536x1536":["https:\/\/www.portimex.com\/wp-content\/uploads\/2024\/03\/Black-Line-Products.jpg",500,346,false],"2048x2048":["https:\/\/www.portimex.com\/wp-content\/uploads\/2024\/03\/Black-Line-Products.jpg",500,346,false],"sidebar-featured":["https:\/\/www.portimex.com\/wp-content\/uploads\/2024\/03\/Black-Line-Products-75x75.jpg",75,75,true],"genesis-singular-images":["https:\/\/www.portimex.com\/wp-content\/uploads\/2024\/03\/Black-Line-Products.jpg",500,346,false],"gb-block-post-grid-landscape":["https:\/\/www.portimex.com\/wp-content\/uploads\/2024\/03\/Black-Line-Products.jpg",500,346,false],"gb-block-post-grid-square":["https:\/\/www.portimex.com\/wp-content\/uploads\/2024\/03\/Black-Line-Products.jpg",500,346,false]},"uagb_author_info":{"display_name":"Tanja L.","author_link":"https:\/\/www.portimex.com\/fr\/author\/t-lang\/"},"uagb_comment_info":0,"uagb_excerpt":null,"_links":{"self":[{"href":"https:\/\/www.portimex.com\/fr\/wp-json\/wp\/v2\/posts\/4385","targetHints":{"allow":["GET"]}}],"collection":[{"href":"https:\/\/www.portimex.com\/fr\/wp-json\/wp\/v2\/posts"}],"about":[{"href":"https:\/\/www.portimex.com\/fr\/wp-json\/wp\/v2\/types\/post"}],"author":[{"embeddable":true,"href":"https:\/\/www.portimex.com\/fr\/wp-json\/wp\/v2\/users\/3"}],"replies":[{"embeddable":true,"href":"https:\/\/www.portimex.com\/fr\/wp-json\/wp\/v2\/comments?post=4385"}],"version-history":[{"count":4,"href":"https:\/\/www.portimex.com\/fr\/wp-json\/wp\/v2\/posts\/4385\/revisions"}],"predecessor-version":[{"id":4395,"href":"https:\/\/www.portimex.com\/fr\/wp-json\/wp\/v2\/posts\/4385\/revisions\/4395"}],"wp:featuredmedia":[{"embeddable":true,"href":"https:\/\/www.portimex.com\/fr\/wp-json\/wp\/v2\/media\/2656"}],"wp:attachment":[{"href":"https:\/\/www.portimex.com\/fr\/wp-json\/wp\/v2\/media?parent=4385"}],"wp:term":[{"taxonomy":"category","embeddable":true,"href":"https:\/\/www.portimex.com\/fr\/wp-json\/wp\/v2\/categories?post=4385"},{"taxonomy":"post_tag","embeddable":true,"href":"https:\/\/www.portimex.com\/fr\/wp-json\/wp\/v2\/tags?post=4385"}],"curies":[{"name":"wp","href":"https:\/\/api.w.org\/{rel}","templated":true}]}}